{"id":11514,"date":"2023-07-26T09:30:03","date_gmt":"2023-07-26T09:30:03","guid":{"rendered":"https:\/\/www.paytec.eu\/sommerpause-2023\/"},"modified":"2023-12-15T15:32:45","modified_gmt":"2023-12-15T15:32:45","slug":"sommerpause-2023","status":"publish","type":"post","link":"https:\/\/www.paytec.eu\/de\/sommerpause-2023\/","title":{"rendered":"Weihnachtsferien 2023"},"content":{"rendered":"<p><strong>Die Paytec-B\u00fcros sind von Freitagnachmittag, 22. Dezember 2023, 12.30 Uhr, bis einschlie\u00dflich Montag, 1. Januar 2024<\/strong>. Die Aktivit\u00e4ten werden am Dienstag, den\u00a0<strong>2. Januar 2024<\/strong>\u00a0wieder regelm\u00e4\u00dfig aufgenommen.<\/p>\n<p>In besonderen Notf\u00e4llen w\u00e4hrend dieser Ferien schicken Sie bitte eine E-Mail an\u00a0<strong>info@paytec.it<\/strong>. Wir werden uns so schnell wie m\u00f6glich bei Ihnen melden.<\/p>\n<p>&nbsp;<\/p>\n<p>Unsere besten W\u00fcnsche!<\/p>\n","protected":false},"excerpt":{"rendered":"<p>Die Paytec-B\u00fcros sind von Freitagnachmittag, 22. Dezember 2023, 12.30 Uhr, bis einschlie\u00dflich Montag, 1. Januar 2024. Die Aktivit\u00e4ten werden am Dienstag, den\u00a02. Januar 2024\u00a0wieder regelm\u00e4\u00dfig aufgenommen. In besonderen Notf\u00e4llen w\u00e4hrend dieser Ferien schicken Sie bitte eine E-Mail an\u00a0info@paytec.it. Wir werden uns so schnell wie m\u00f6glich&#8230;<\/p>\n","protected":false},"author":3,"featured_media":12919,"comment_status":"closed","ping_status":"closed","sticky":false,"template":"","format":"standard","meta":{"footnotes":""},"categories":[97],"tags":[],"class_list":["post-11514","post","type-post","status-publish","format-standard","has-post-thumbnail","hentry","category-news-de"],"acf":[],"yoast_head":"<!-- This site is optimized with the Yoast SEO plugin v21.1 - https:\/\/yoast.com\/wordpress\/plugins\/seo\/ -->\n<title>Weihnachtsferien 2023 - Paytec<\/title>\n<meta name=\"robots\" content=\"index, follow, max-snippet:-1, max-image-preview:large, max-video-preview:-1\" \/>\n<link rel=\"canonical\" href=\"https:\/\/www.paytec.eu\/de\/sommerpause-2023\/\" \/>\n<meta property=\"og:locale\" content=\"de_DE\" \/>\n<meta property=\"og:type\" content=\"article\" \/>\n<meta property=\"og:title\" content=\"Weihnachtsferien 2023 - Paytec\" \/>\n<meta property=\"og:description\" content=\"Die Paytec-B\u00fcros sind von Freitagnachmittag, 22. Dezember 2023, 12.30 Uhr, bis einschlie\u00dflich Montag, 1. Januar 2024. Die Aktivit\u00e4ten werden am Dienstag, den\u00a02. Januar 2024\u00a0wieder regelm\u00e4\u00dfig aufgenommen. In besonderen Notf\u00e4llen w\u00e4hrend dieser Ferien schicken Sie bitte eine E-Mail an\u00a0info@paytec.it. Wir werden uns so schnell wie m\u00f6glich...\" \/>\n<meta property=\"og:url\" content=\"https:\/\/www.paytec.eu\/de\/sommerpause-2023\/\" \/>\n<meta property=\"og:site_name\" content=\"Paytec\" \/>\n<meta property=\"article:published_time\" content=\"2023-07-26T09:30:03+00:00\" \/>\n<meta property=\"article:modified_time\" content=\"2023-12-15T15:32:45+00:00\" \/>\n<meta property=\"og:image\" content=\"https:\/\/www.paytec.eu\/wp-content\/uploads\/2023\/07\/buonnatale24_de.png\" \/>\n\t<meta property=\"og:image:width\" content=\"800\" \/>\n\t<meta property=\"og:image:height\" content=\"600\" \/>\n\t<meta property=\"og:image:type\" content=\"image\/png\" \/>\n<meta name=\"author\" content=\"annemieke van orshoven\" \/>\n<meta name=\"twitter:card\" content=\"summary_large_image\" \/>\n<meta name=\"twitter:label1\" content=\"Verfasst von\" \/>\n\t<meta name=\"twitter:data1\" content=\"annemieke van orshoven\" \/>\n\t<meta name=\"twitter:label2\" content=\"Gesch\u00e4tzte Lesezeit\" \/>\n\t<meta name=\"twitter:data2\" content=\"1\u00a0Minute\" \/>\n<script type=\"application\/ld+json\" class=\"yoast-schema-graph\">{\"@context\":\"https:\/\/schema.org\",\"@graph\":[{\"@type\":\"WebPage\",\"@id\":\"https:\/\/www.paytec.eu\/de\/sommerpause-2023\/\",\"url\":\"https:\/\/www.paytec.eu\/de\/sommerpause-2023\/\",\"name\":\"Weihnachtsferien 2023 - Paytec\",\"isPartOf\":{\"@id\":\"https:\/\/www.paytec.eu\/#website\"},\"datePublished\":\"2023-07-26T09:30:03+00:00\",\"dateModified\":\"2023-12-15T15:32:45+00:00\",\"author\":{\"@id\":\"https:\/\/www.paytec.eu\/#\/schema\/person\/dc45236b52c0e9598878ecc29a4d4d75\"},\"breadcrumb\":{\"@id\":\"https:\/\/www.paytec.eu\/de\/sommerpause-2023\/#breadcrumb\"},\"inLanguage\":\"de\",\"potentialAction\":[{\"@type\":\"ReadAction\",\"target\":[\"https:\/\/www.paytec.eu\/de\/sommerpause-2023\/\"]}]},{\"@type\":\"BreadcrumbList\",\"@id\":\"https:\/\/www.paytec.eu\/de\/sommerpause-2023\/#breadcrumb\",\"itemListElement\":[{\"@type\":\"ListItem\",\"position\":1,\"name\":\"Home\",\"item\":\"https:\/\/www.paytec.eu\/de\/\"},{\"@type\":\"ListItem\",\"position\":2,\"name\":\"News\",\"item\":\"https:\/\/www.paytec.eu\/de\/category\/news-de\/\"},{\"@type\":\"ListItem\",\"position\":3,\"name\":\"Weihnachtsferien 2023\"}]},{\"@type\":\"WebSite\",\"@id\":\"https:\/\/www.paytec.eu\/#website\",\"url\":\"https:\/\/www.paytec.eu\/\",\"name\":\"Paytec\",\"description\":\"Smart Payments for Vending\",\"potentialAction\":[{\"@type\":\"SearchAction\",\"target\":{\"@type\":\"EntryPoint\",\"urlTemplate\":\"https:\/\/www.paytec.eu\/?s={search_term_string}\"},\"query-input\":\"required name=search_term_string\"}],\"inLanguage\":\"de\"},{\"@type\":\"Person\",\"@id\":\"https:\/\/www.paytec.eu\/#\/schema\/person\/dc45236b52c0e9598878ecc29a4d4d75\",\"name\":\"annemieke van orshoven\",\"image\":{\"@type\":\"ImageObject\",\"inLanguage\":\"de\",\"@id\":\"https:\/\/www.paytec.eu\/#\/schema\/person\/image\/\",\"url\":\"https:\/\/secure.gravatar.com\/avatar\/0d76695bcc97d9b553ae99e256eefd09da38f81a03541f6e94ba75be3526caf1?s=96&d=mm&r=g\",\"contentUrl\":\"https:\/\/secure.gravatar.com\/avatar\/0d76695bcc97d9b553ae99e256eefd09da38f81a03541f6e94ba75be3526caf1?s=96&d=mm&r=g\",\"caption\":\"annemieke van orshoven\"}}]}<\/script>\n<!-- \/ Yoast SEO plugin. -->","yoast_head_json":{"title":"Weihnachtsferien 2023 - Paytec","robots":{"index":"index","follow":"follow","max-snippet":"max-snippet:-1","max-image-preview":"max-image-preview:large","max-video-preview":"max-video-preview:-1"},"canonical":"https:\/\/www.paytec.eu\/de\/sommerpause-2023\/","og_locale":"de_DE","og_type":"article","og_title":"Weihnachtsferien 2023 - Paytec","og_description":"Die Paytec-B\u00fcros sind von Freitagnachmittag, 22. Dezember 2023, 12.30 Uhr, bis einschlie\u00dflich Montag, 1. Januar 2024. Die Aktivit\u00e4ten werden am Dienstag, den\u00a02. Januar 2024\u00a0wieder regelm\u00e4\u00dfig aufgenommen. In besonderen Notf\u00e4llen w\u00e4hrend dieser Ferien schicken Sie bitte eine E-Mail an\u00a0info@paytec.it. Wir werden uns so schnell wie m\u00f6glich...","og_url":"https:\/\/www.paytec.eu\/de\/sommerpause-2023\/","og_site_name":"Paytec","article_published_time":"2023-07-26T09:30:03+00:00","article_modified_time":"2023-12-15T15:32:45+00:00","og_image":[{"width":800,"height":600,"url":"https:\/\/www.paytec.eu\/wp-content\/uploads\/2023\/07\/buonnatale24_de.png","type":"image\/png"}],"author":"annemieke van orshoven","twitter_card":"summary_large_image","twitter_misc":{"Verfasst von":"annemieke van orshoven","Gesch\u00e4tzte Lesezeit":"1\u00a0Minute"},"schema":{"@context":"https:\/\/schema.org","@graph":[{"@type":"WebPage","@id":"https:\/\/www.paytec.eu\/de\/sommerpause-2023\/","url":"https:\/\/www.paytec.eu\/de\/sommerpause-2023\/","name":"Weihnachtsferien 2023 - Paytec","isPartOf":{"@id":"https:\/\/www.paytec.eu\/#website"},"datePublished":"2023-07-26T09:30:03+00:00","dateModified":"2023-12-15T15:32:45+00:00","author":{"@id":"https:\/\/www.paytec.eu\/#\/schema\/person\/dc45236b52c0e9598878ecc29a4d4d75"},"breadcrumb":{"@id":"https:\/\/www.paytec.eu\/de\/sommerpause-2023\/#breadcrumb"},"inLanguage":"de","potentialAction":[{"@type":"ReadAction","target":["https:\/\/www.paytec.eu\/de\/sommerpause-2023\/"]}]},{"@type":"BreadcrumbList","@id":"https:\/\/www.paytec.eu\/de\/sommerpause-2023\/#breadcrumb","itemListElement":[{"@type":"ListItem","position":1,"name":"Home","item":"https:\/\/www.paytec.eu\/de\/"},{"@type":"ListItem","position":2,"name":"News","item":"https:\/\/www.paytec.eu\/de\/category\/news-de\/"},{"@type":"ListItem","position":3,"name":"Weihnachtsferien 2023"}]},{"@type":"WebSite","@id":"https:\/\/www.paytec.eu\/#website","url":"https:\/\/www.paytec.eu\/","name":"Paytec","description":"Smart Payments for Vending","potentialAction":[{"@type":"SearchAction","target":{"@type":"EntryPoint","urlTemplate":"https:\/\/www.paytec.eu\/?s={search_term_string}"},"query-input":"required name=search_term_string"}],"inLanguage":"de"},{"@type":"Person","@id":"https:\/\/www.paytec.eu\/#\/schema\/person\/dc45236b52c0e9598878ecc29a4d4d75","name":"annemieke van orshoven","image":{"@type":"ImageObject","inLanguage":"de","@id":"https:\/\/www.paytec.eu\/#\/schema\/person\/image\/","url":"https:\/\/secure.gravatar.com\/avatar\/0d76695bcc97d9b553ae99e256eefd09da38f81a03541f6e94ba75be3526caf1?s=96&d=mm&r=g","contentUrl":"https:\/\/secure.gravatar.com\/avatar\/0d76695bcc97d9b553ae99e256eefd09da38f81a03541f6e94ba75be3526caf1?s=96&d=mm&r=g","caption":"annemieke van orshoven"}}]}},"_links":{"self":[{"href":"https:\/\/www.paytec.eu\/de\/wp-json\/wp\/v2\/posts\/11514","targetHints":{"allow":["GET"]}}],"collection":[{"href":"https:\/\/www.paytec.eu\/de\/wp-json\/wp\/v2\/posts"}],"about":[{"href":"https:\/\/www.paytec.eu\/de\/wp-json\/wp\/v2\/types\/post"}],"author":[{"embeddable":true,"href":"https:\/\/www.paytec.eu\/de\/wp-json\/wp\/v2\/users\/3"}],"replies":[{"embeddable":true,"href":"https:\/\/www.paytec.eu\/de\/wp-json\/wp\/v2\/comments?post=11514"}],"version-history":[{"count":0,"href":"https:\/\/www.paytec.eu\/de\/wp-json\/wp\/v2\/posts\/11514\/revisions"}],"wp:featuredmedia":[{"embeddable":true,"href":"https:\/\/www.paytec.eu\/de\/wp-json\/wp\/v2\/media\/12919"}],"wp:attachment":[{"href":"https:\/\/www.paytec.eu\/de\/wp-json\/wp\/v2\/media?parent=11514"}],"wp:term":[{"taxonomy":"category","embeddable":true,"href":"https:\/\/www.paytec.eu\/de\/wp-json\/wp\/v2\/categories?post=11514"},{"taxonomy":"post_tag","embeddable":true,"href":"https:\/\/www.paytec.eu\/de\/wp-json\/wp\/v2\/tags?post=11514"}],"curies":[{"name":"wp","href":"https:\/\/api.w.org\/{rel}","templated":true}]}}